{"id":6240,"date":"2025-12-15T16:25:00","date_gmt":"2025-12-15T15:25:00","guid":{"rendered":"https:\/\/www.smc-ffo.de\/?p=6240"},"modified":"2025-12-15T16:25:40","modified_gmt":"2025-12-15T15:25:40","slug":"zakupy-adwentowe-2","status":"publish","type":"post","link":"https:\/\/www.smc-ffo.de\/pl\/zakupy-adwentowe-2\/","title":{"rendered":"zakupy adwentowe"},"content":{"rendered":"\n<p>Wszystkie weekendy adwentowe w SMC czeka na Was r\u00f3\u017cnorodny, \u015bwi\u0105teczny program; z fantastycznymi ofertami do wsp\u00f3lnego udzia\u0142u i r\u0119kodzie\u0142a, teatrem lalek, pieczeniem ciasteczek, pokazami pierwszego klubu ta\u0144ca sportowego i pierwszego korpusu ma\u017coretek. W dniu Miko\u0142aja nasi mali go\u015bcie centrum b\u0119d\u0105 nawet osobi\u015bcie zaskoczeni przez \u015awi\u0119tego Miko\u0142aja w godzinach od 10:00 do 16:00. W Wigili\u0119 \u015awi\u0119tego Miko\u0142aj wraz ze swoim Anio\u0142em \u015awi\u0105tecznym b\u0119dzie porusza\u0142 si\u0119 po SMC na rowerze i b\u0119dzie dost\u0119pny jako model do wspania\u0142ych zdj\u0119\u0107 \u015bwi\u0105tecznych.  <\/p>\n\n\n\n<p class=\"padding-top-2xs\"><strong>Sobota, 29 listopada<\/strong><\/p>\n\n\n\n<figure class=\"wp-block-table is-style-stripes\"><table class=\"has-fixed-layout\"><tbody><tr><td>\ud83c\udf84Modelowanie balon\u00f3w w kszta\u0142cie \u015bwi\u0105tecznych motyw\u00f3w<\/td><td>10:00 do 17:00<\/td><\/tr><tr><td>\ud83c\udf84\u015awi\u0105teczny Schlagermuzyka z Rudim Eichhornem<\/td><td>11:00 \/ 14:00 \/ 16:00<\/td><\/tr><\/tbody><\/table><\/figure>\n\n\n\n<p class=\"padding-top-s\"><strong>Sobota, 6 grudnia<\/strong><\/p>\n\n\n\n<figure class=\"wp-block-table is-style-stripes\"><table class=\"has-fixed-layout\"><tbody><tr><td>\ud83c\udf85Miko\u0142aj w centrum<\/td><td>10:00 do 16:00<\/td><\/tr><tr><td>\ud83c\udf84Tworzenie kartek \u015bwi\u0105tecznych i ramek na zdj\u0119cia<\/td><td>10:00 do 17:00<\/td><\/tr><tr><td>\ud83c\udf84Rewia taneczna z 1. korpusem majoretek<\/td><td>10:30 do 11:30<\/td><\/tr><tr><td>\ud83c\udf84Ta\u0144ce \u015bwi\u0105teczne z 1. Klubem Ta\u0144ca Sportowego<\/td><td>14:00 do 15:00<\/td><\/tr><\/tbody><\/table><\/figure>\n\n\n\n<p class=\"padding-top-s\"><strong>Sobota, 13 grudnia<\/strong><\/p>\n\n\n\n<figure class=\"wp-block-table is-style-stripes\"><table class=\"has-fixed-layout\"><tbody><tr><td>\ud83c\udf84Ciasteczka z piekarni<\/td><td>11:00 do 16:00<\/td><\/tr><tr><td>\ud83c\udf84Gry w wirtualnej krainie \u015bwi\u0105t<\/td><td>11:00 do 16:00<\/td><\/tr><tr><td>\ud83c\udf84Tworzenie ozd\u00f3b choinkowych<\/td><td>11:00 do 16:00<\/td><\/tr><\/tbody><\/table><\/figure>\n\n\n\n<p class=\"padding-top-s\"><strong>Sobota, 20 grudnia<\/strong><\/p>\n\n\n\n<figure class=\"wp-block-table is-style-stripes\"><table class=\"has-fixed-layout\"><tbody><tr><td>\ud83c\udf84Robienie \u015bwi\u0105tecznych figurek<\/td><td>10:00 do 17:00<\/td><\/tr><tr><td>\ud83c\udf84Teatr lalkowy Rudolf z czerwonym nosem<\/td><td>10:30 do 11:15<\/td><\/tr><tr><td>\ud83c\udf84Teatr lalkowy Pettersson i Findus<\/td><td>14:00 do 14:45<\/td><\/tr><\/tbody><\/table><\/figure>\n\n\n\n<p class=\"padding-top-s\"><strong>\u015aroda, 24 grudnia<\/strong><\/p>\n\n\n\n<figure class=\"wp-block-table is-style-stripes\"><table class=\"has-fixed-layout\"><tbody><tr><td>\ud83c\udf85\u015awi\u0119ty Miko\u0142aj &amp; Anio\u0142 na rowerze<\/td><td>10:00 \/ 11:30<\/td><\/tr><\/tbody><\/table><\/figure>\n\n\n\n<p class=\"padding-top-s\">\u017byczymy Pa\u0144stwu i Pa\u0144stwa bliskim pi\u0119knego, spokojnego okresu przed\u015bwi\u0105tecznego oraz du\u017co rado\u015bci podczas zakup\u00f3w prezent\u00f3w.<\/p>\n\n\n\n<p><\/p>\n","protected":false},"excerpt":{"rendered":"<p>Wszystkie weekendy adwentowe w SMC czeka na Was r\u00f3\u017cnorodny, \u015bwi\u0105teczny program; z fantastycznymi ofertami do wsp\u00f3lnego udzia\u0142u i r\u0119kodzie\u0142a, teatrem lalek, pieczeniem ciasteczek, pokazami pierwszego klubu ta\u0144ca sportowego i pierwszego korpusu ma\u017coretek. W dniu Miko\u0142aja nasi mali go\u015bcie centrum b\u0119d\u0105 nawet osobi\u015bcie zaskoczeni przez \u015awi\u0119tego Miko\u0142aja w godzinach od 10:00 do 16:00. W Wigili\u0119 \u015awi\u0119tego Miko\u0142aj wraz ze swoim Anio\u0142em \u015awi\u0105tecznym b\u0119dzie porusza\u0142 si\u0119 po SMC na rowerze i b\u0119dzie dost\u0119pny jako model do wspania\u0142ych zdj\u0119\u0107 \u015bwi\u0105tecznych.   <\/p>\n","protected":false},"author":7,"featured_media":6103,"comment_status":"closed","ping_status":"closed","sticky":false,"template":"","format":"standard","meta":{"_acf_changed":false,"footnotes":""},"categories":[6],"tags":[],"class_list":["post-6240","post","type-post","status-publish","format-standard","has-post-thumbnail","hentry","category-bez-kategorii"],"acf":[],"_links":{"self":[{"href":"https:\/\/www.smc-ffo.de\/pl\/wp-json\/wp\/v2\/posts\/6240","targetHints":{"allow":["GET"]}}],"collection":[{"href":"https:\/\/www.smc-ffo.de\/pl\/wp-json\/wp\/v2\/posts"}],"about":[{"href":"https:\/\/www.smc-ffo.de\/pl\/wp-json\/wp\/v2\/types\/post"}],"author":[{"embeddable":true,"href":"https:\/\/www.smc-ffo.de\/pl\/wp-json\/wp\/v2\/users\/7"}],"replies":[{"embeddable":true,"href":"https:\/\/www.smc-ffo.de\/pl\/wp-json\/wp\/v2\/comments?post=6240"}],"version-history":[{"count":2,"href":"https:\/\/www.smc-ffo.de\/pl\/wp-json\/wp\/v2\/posts\/6240\/revisions"}],"predecessor-version":[{"id":6358,"href":"https:\/\/www.smc-ffo.de\/pl\/wp-json\/wp\/v2\/posts\/6240\/revisions\/6358"}],"wp:featuredmedia":[{"embeddable":true,"href":"https:\/\/www.smc-ffo.de\/pl\/wp-json\/wp\/v2\/media\/6103"}],"wp:attachment":[{"href":"https:\/\/www.smc-ffo.de\/pl\/wp-json\/wp\/v2\/media?parent=6240"}],"wp:term":[{"taxonomy":"category","embeddable":true,"href":"https:\/\/www.smc-ffo.de\/pl\/wp-json\/wp\/v2\/categories?post=6240"},{"taxonomy":"post_tag","embeddable":true,"href":"https:\/\/www.smc-ffo.de\/pl\/wp-json\/wp\/v2\/tags?post=6240"}],"curies":[{"name":"wp","href":"https:\/\/api.w.org\/{rel}","templated":true}]}}