{"id":5744,"date":"2025-08-28T15:50:39","date_gmt":"2025-08-28T13:50:39","guid":{"rendered":"https:\/\/www.smc-ffo.de\/?p=5744"},"modified":"2025-08-28T15:57:26","modified_gmt":"2025-08-28T13:57:26","slug":"spektakl-bokserski-i-ciezarowka-pokazowa-w-smc-przy-medimax-piatek-19-09","status":"publish","type":"post","link":"https:\/\/www.smc-ffo.de\/pl\/spektakl-bokserski-i-ciezarowka-pokazowa-w-smc-przy-medimax-piatek-19-09\/","title":{"rendered":"Spektakl bokserski i ci\u0119\u017car\u00f3wka pokazowa w SMC przy MEDIMAX &#8211; pi\u0105tek, 19.09."},"content":{"rendered":"\n<p>&#8222;Frankfurcka noc walk&#8221; idzie w swoj\u0105 trzeci\u0105 rund\u0119 i obiecuje emocjonuj\u0105ce walki, silne emocje i niezapomniane prze\u017cycia dla wszystkich mi\u0142o\u015bnik\u00f3w sport\u00f3w walki. <strong>Ju\u017c w dzie\u0144 poprzedzaj\u0105cy fani boksu mog\u0105 zacz\u0105\u0107 si\u0119 przygotowywa\u0107 na rywalizacj\u0119 przed rynkiem MEDIMAX w SMC.<\/strong><\/p>\n\n\n\n<p><strong>W pi\u0105tek, 19.09. od godziny 17:00 odb\u0119dzie si\u0119 oficjalna ceremonia wa\u017cenia bokser\u00f3w \u2013 jak w poprzednim roku w SMC, tu\u017c przed MEDIMAX. <\/strong>Odwiedzaj\u0105cy b\u0119d\u0105 mieli okazj\u0119 zobaczy\u0107 sportowc\u00f3w z bliska i by\u0107 mo\u017ce zdoby\u0107 autograf.<\/p>\n\n\n\n<p>Szczeg\u00f3ln\u0105 atrakcj\u0105 dnia: producent XIAOMI jest obecny w centrum z mobilnym stoiskiem. W zwi\u0105zku z tym MEDIMAX prezentuje innowacyjn\u0105 technologi\u0119 XIAOMI, kt\u00f3r\u0105 mo\u017cna dotkn\u0105\u0107: czy to smartfony, smartwatche, czy e-hulajnogi \u2013 wszystko mo\u017cna testowa\u0107 na miejscu. <strong>Dodatkowo, sklep elektroniczny organizuje 19.09. konkurs, w kt\u00f3rym czekaj\u0105 ekskluzywne nagrody.<\/strong><\/p>\n","protected":false},"excerpt":{"rendered":"<p>Frankfurcka noc walk idzie w swoj\u0105 trzeci\u0105 rund\u0119 i obiecuje emocjonuj\u0105ce walki, silne emocje i niezapomniane prze\u017cycia dla wszystkich mi\u0142o\u015bnik\u00f3w sport\u00f3w walki. Ju\u017c w dzie\u0144 poprzedzaj\u0105cy fani boksu mog\u0105 zacz\u0105\u0107 si\u0119 przygotowywa\u0107 na rywalizacj\u0119 przed rynkiem MEDIMAX w SMC.<\/p>\n<p>W pi\u0105tek, 19.09. od godziny 17:00 odb\u0119dzie si\u0119 oficjalna ceremonia wa\u017cenia bokser\u00f3w \u2013 jak w poprzednim roku w SMC, tu\u017c przed MEDIMAX. Odwiedzaj\u0105cy b\u0119d\u0105 mieli okazj\u0119 zobaczy\u0107 sportowc\u00f3w z bliska i by\u0107 mo\u017ce zdoby\u0107 autograf.<\/p>\n","protected":false},"author":7,"featured_media":5735,"comment_status":"closed","ping_status":"closed","sticky":false,"template":"","format":"standard","meta":{"_acf_changed":false,"footnotes":""},"categories":[6],"tags":[],"class_list":["post-5744","post","type-post","status-publish","format-standard","has-post-thumbnail","hentry","category-bez-kategorii"],"acf":[],"_links":{"self":[{"href":"https:\/\/www.smc-ffo.de\/pl\/wp-json\/wp\/v2\/posts\/5744","targetHints":{"allow":["GET"]}}],"collection":[{"href":"https:\/\/www.smc-ffo.de\/pl\/wp-json\/wp\/v2\/posts"}],"about":[{"href":"https:\/\/www.smc-ffo.de\/pl\/wp-json\/wp\/v2\/types\/post"}],"author":[{"embeddable":true,"href":"https:\/\/www.smc-ffo.de\/pl\/wp-json\/wp\/v2\/users\/7"}],"replies":[{"embeddable":true,"href":"https:\/\/www.smc-ffo.de\/pl\/wp-json\/wp\/v2\/comments?post=5744"}],"version-history":[{"count":4,"href":"https:\/\/www.smc-ffo.de\/pl\/wp-json\/wp\/v2\/posts\/5744\/revisions"}],"predecessor-version":[{"id":5748,"href":"https:\/\/www.smc-ffo.de\/pl\/wp-json\/wp\/v2\/posts\/5744\/revisions\/5748"}],"wp:featuredmedia":[{"embeddable":true,"href":"https:\/\/www.smc-ffo.de\/pl\/wp-json\/wp\/v2\/media\/5735"}],"wp:attachment":[{"href":"https:\/\/www.smc-ffo.de\/pl\/wp-json\/wp\/v2\/media?parent=5744"}],"wp:term":[{"taxonomy":"category","embeddable":true,"href":"https:\/\/www.smc-ffo.de\/pl\/wp-json\/wp\/v2\/categories?post=5744"},{"taxonomy":"post_tag","embeddable":true,"href":"https:\/\/www.smc-ffo.de\/pl\/wp-json\/wp\/v2\/tags?post=5744"}],"curies":[{"name":"wp","href":"https:\/\/api.w.org\/{rel}","templated":true}]}}