{"id":4979,"date":"2025-05-20T11:21:00","date_gmt":"2025-05-20T09:21:00","guid":{"rendered":"https:\/\/www.smc-ffo.de\/?p=4979"},"modified":"2025-05-20T11:22:03","modified_gmt":"2025-05-20T09:22:03","slug":"dzien-pomocnej-dloni-czwartek-22-maja-od-1000-do-1600","status":"publish","type":"post","link":"https:\/\/www.smc-ffo.de\/pl\/dzien-pomocnej-dloni-czwartek-22-maja-od-1000-do-1600\/","title":{"rendered":"Dzie\u0144 Pomocnej D\u0142oni &#8211; Czwartek, 22 maja od 10:00 do 16:00"},"content":{"rendered":"\n<p><\/p>\n\n\n\n<p>Zapraszamy na 18. Dzie\u0144 Akcji \u201ePomocna D\u0142o\u0144\u201d w Spitzkrug Multi Center.<\/p>\n\n\n\n<p>W godzinach od 10:00 do 16:00 znajd\u0105 Pa\u0144stwo liczne stoiska informacyjne z kompetentnymi osobami kontaktowymi na temat \u201eStarzenie si\u0119 we Frankfurcie nad Odr\u0105 \u2013 zdrowie, mobilno\u015b\u0107 i opieka w podesz\u0142ym wieku\u201d.<\/p>\n\n\n\n<p>Nasz program dla Pa\u0144stwa od godz. 10:00.<\/p>\n\n\n\n<p>. i powitanie przez patrona Jensa-Marcela Ullricha, zast\u0119pc\u0119 burmistrza ds. m\u0142odzie\u017cy, spraw spo\u0142ecznych i zdrowia<br>. Wystawa \u201eBarwy Pami\u0119ci\u201d \u2013 Sztuka os\u00f3b z demencj\u0105<br>. Tor do \u0107wicze\u0144 na \u015bwie\u017cym powietrzu od Miejskiego Stowarzyszenia Sportowego Frankfurt (Oder)<\/p>\n","protected":false},"excerpt":{"rendered":"<p>Dzie\u0144 Pomocnej D\u0142oni &#8211; Czwartek, 22 maja od 10:00 do 16:00<\/p>\n<p>Zapraszamy na 18. Dzie\u0144 Akcji \u201ePomocna D\u0142o\u0144\u201d w Spitzkrug Multi Center.<\/p>\n<p>W godzinach od 10:00 do 16:00 znajd\u0105 Pa\u0144stwo liczne stoiska informacyjne z kompetentnymi osobami kontaktowymi na temat \u201eStarzenie si\u0119 we Frankfurcie nad Odr\u0105 \u2013 zdrowie, mobilno\u015b\u0107 i opieka w podesz\u0142ym wieku\u201d.<\/p>\n<p>Nasz program dla Pa\u0144stwa od godz. 10:00.<\/p>\n<p>. Otwarcie i powitanie przez patrona Jensa-<br \/>\n  Marcela Ullricha, zast\u0119pc\u0119 burmistrza ds.<br \/>\n    m\u0142odzie\u017cy, spraw spo\u0142ecznych i zdrowia<br \/>\n. Wystawa \u201eBarwy Pami\u0119ci\u201d \u2013 Sztuka os\u00f3b z<br \/>\n  demencj\u0105<br \/>\n. Tor do \u0107wicze\u0144 na \u015bwie\u017cym powietrzu od<br \/>\n  Miejskiego Stowarzyszenia Sportowego<br \/>\n    Frankfurt (Oder)<\/p>\n","protected":false},"author":7,"featured_media":4971,"comment_status":"closed","ping_status":"closed","sticky":false,"template":"","format":"standard","meta":{"_acf_changed":false,"footnotes":""},"categories":[6],"tags":[],"class_list":["post-4979","post","type-post","status-publish","format-standard","has-post-thumbnail","hentry","category-bez-kategorii"],"acf":[],"_links":{"self":[{"href":"https:\/\/www.smc-ffo.de\/pl\/wp-json\/wp\/v2\/posts\/4979","targetHints":{"allow":["GET"]}}],"collection":[{"href":"https:\/\/www.smc-ffo.de\/pl\/wp-json\/wp\/v2\/posts"}],"about":[{"href":"https:\/\/www.smc-ffo.de\/pl\/wp-json\/wp\/v2\/types\/post"}],"author":[{"embeddable":true,"href":"https:\/\/www.smc-ffo.de\/pl\/wp-json\/wp\/v2\/users\/7"}],"replies":[{"embeddable":true,"href":"https:\/\/www.smc-ffo.de\/pl\/wp-json\/wp\/v2\/comments?post=4979"}],"version-history":[{"count":2,"href":"https:\/\/www.smc-ffo.de\/pl\/wp-json\/wp\/v2\/posts\/4979\/revisions"}],"predecessor-version":[{"id":4991,"href":"https:\/\/www.smc-ffo.de\/pl\/wp-json\/wp\/v2\/posts\/4979\/revisions\/4991"}],"wp:featuredmedia":[{"embeddable":true,"href":"https:\/\/www.smc-ffo.de\/pl\/wp-json\/wp\/v2\/media\/4971"}],"wp:attachment":[{"href":"https:\/\/www.smc-ffo.de\/pl\/wp-json\/wp\/v2\/media?parent=4979"}],"wp:term":[{"taxonomy":"category","embeddable":true,"href":"https:\/\/www.smc-ffo.de\/pl\/wp-json\/wp\/v2\/categories?post=4979"},{"taxonomy":"post_tag","embeddable":true,"href":"https:\/\/www.smc-ffo.de\/pl\/wp-json\/wp\/v2\/tags?post=4979"}],"curies":[{"name":"wp","href":"https:\/\/api.w.org\/{rel}","templated":true}]}}