{"id":4097,"date":"2025-02-26T11:12:00","date_gmt":"2025-02-26T10:12:00","guid":{"rendered":"https:\/\/www.smc-ffo.de\/?p=4097"},"modified":"2025-02-27T12:13:01","modified_gmt":"2025-02-27T11:13:01","slug":"szybkie-odswiezenie-koloru-z-20-rabatem-w-klier","status":"publish","type":"post","link":"https:\/\/www.smc-ffo.de\/pl\/szybkie-odswiezenie-koloru-z-20-rabatem-w-klier\/","title":{"rendered":"Szybkie od\u015bwie\u017cenie koloru z 20% rabatem w Klier"},"content":{"rendered":"\n<p>\u015awiat\u0142o s\u0142oneczne i niezliczone skoki do zimnej wody zwykle odbijaj\u0105 si\u0119 na naszym kolorze w\u0142os\u00f3w &#8211; wi\u0119c najwy\u017cszy czas na \u015bwie\u017cy kolor!<br>Aby zapewni\u0107 d\u0142ugotrwa\u0142\u0105 \u015bwie\u017co\u015b\u0107 koloru, mamy dla Ciebie odpowiedni\u0105 ofert\u0119! Z ka\u017cd\u0105 us\u0142ug\u0105 koloryzacji w naszych salonach otrzymujesz nasze popularne&nbsp;<strong>maski Color Fresh od Wella Professionals<\/strong>&nbsp;w domu w specjalnej cenie tylko 14,90 \u20ac.<\/p>\n\n\n\n<p>Koloryzuj\u0105ca maska \u200b\u200bzachwyca wyj\u0105tkowym po\u0142\u0105czeniem koloru i piel\u0119gnacji. Nie tylko mo\u017cesz od\u015bwie\u017cy\u0107 kolor swojego salonu w domu i nada\u0107 mu nowy blask, ale jednocze\u015bnie zapewnisz w\u0142osom wa\u017cne nawil\u017cenie.<\/p>\n\n\n\n<p>Um\u00f3w si\u0119 na koloryzacj\u0119 w Salonie Klier w SMC i skorzystaj z naszej atrakcyjnej&nbsp;<strong>oferty z 20% oszcz\u0119dno\u015bci\u0105<\/strong>&nbsp;w okresie promocyjnym. Akcja trwa od 01.09. \u2013 30.10.2022.<\/p>\n","protected":false},"excerpt":{"rendered":"<p>\u015awiat\u0142o s\u0142oneczne i niezliczone skoki do zimnej wody zwykle odbijaj\u0105 si\u0119 na naszym kolorze w\u0142os\u00f3w &#8211; wi\u0119c najwy\u017cszy czas na \u015bwie\u017cy kolor!Aby zapewni\u0107 d\u0142ugotrwa\u0142\u0105 \u015bwie\u017co\u015b\u0107 koloru, mamy dla Ciebie odpowiedni\u0105 ofert\u0119! Z ka\u017cd\u0105 us\u0142ug\u0105 koloryzacji w naszych salonach otrzymujesz nasze popularne&nbsp;maski Color Fresh od Wella Professionals&nbsp;w domu w specjalnej cenie tylko 14,90 \u20ac. Koloryzuj\u0105ca maska [&hellip;]<\/p>\n","protected":false},"author":5,"featured_media":4098,"comment_status":"closed","ping_status":"closed","sticky":false,"template":"","format":"standard","meta":{"_acf_changed":false,"footnotes":""},"categories":[6],"tags":[],"class_list":["post-4097","post","type-post","status-publish","format-standard","has-post-thumbnail","hentry","category-bez-kategorii"],"acf":[],"_links":{"self":[{"href":"https:\/\/www.smc-ffo.de\/pl\/wp-json\/wp\/v2\/posts\/4097","targetHints":{"allow":["GET"]}}],"collection":[{"href":"https:\/\/www.smc-ffo.de\/pl\/wp-json\/wp\/v2\/posts"}],"about":[{"href":"https:\/\/www.smc-ffo.de\/pl\/wp-json\/wp\/v2\/types\/post"}],"author":[{"embeddable":true,"href":"https:\/\/www.smc-ffo.de\/pl\/wp-json\/wp\/v2\/users\/5"}],"replies":[{"embeddable":true,"href":"https:\/\/www.smc-ffo.de\/pl\/wp-json\/wp\/v2\/comments?post=4097"}],"version-history":[{"count":1,"href":"https:\/\/www.smc-ffo.de\/pl\/wp-json\/wp\/v2\/posts\/4097\/revisions"}],"predecessor-version":[{"id":4100,"href":"https:\/\/www.smc-ffo.de\/pl\/wp-json\/wp\/v2\/posts\/4097\/revisions\/4100"}],"wp:featuredmedia":[{"embeddable":true,"href":"https:\/\/www.smc-ffo.de\/pl\/wp-json\/wp\/v2\/media\/4098"}],"wp:attachment":[{"href":"https:\/\/www.smc-ffo.de\/pl\/wp-json\/wp\/v2\/media?parent=4097"}],"wp:term":[{"taxonomy":"category","embeddable":true,"href":"https:\/\/www.smc-ffo.de\/pl\/wp-json\/wp\/v2\/categories?post=4097"},{"taxonomy":"post_tag","embeddable":true,"href":"https:\/\/www.smc-ffo.de\/pl\/wp-json\/wp\/v2\/tags?post=4097"}],"curies":[{"name":"wp","href":"https:\/\/api.w.org\/{rel}","templated":true}]}}