{"id":4079,"date":"2025-02-26T11:35:00","date_gmt":"2025-02-26T10:35:00","guid":{"rendered":"https:\/\/www.smc-ffo.de\/?p=4079"},"modified":"2025-02-27T11:55:24","modified_gmt":"2025-02-27T10:55:24","slug":"4-11-straszna-zabawa-na-czas-ducha","status":"publish","type":"post","link":"https:\/\/www.smc-ffo.de\/pl\/4-11-straszna-zabawa-na-czas-ducha\/","title":{"rendered":"4.11. STRASZNA ZABAWA NA CZAS DUCHA"},"content":{"rendered":"\n<p>SMC zaprasza wszystkich ma\u0142ych czarownik\u00f3w, \u0142owc\u00f3w duch\u00f3w i duch\u00f3w 4 listopada w godzinach od 11:00 do 17:00. do SMC na \u201eSCARY FUN AT THE GHOST TIME\u201d z THEO TINTENBLECKSEM. O 14, 15 i 16 mo\u017cna tak\u017ce obejrze\u0107 wspania\u0142e wyst\u0119py sceniczne z Theo Tintenklecksem i jego przera\u017caj\u0105cymi przyjaci\u00f3\u0142mi-duchami. Po ka\u017cdym pokazie mo\u017cesz zrobi\u0107 zdj\u0119cia Theo i jego strasznym przyjacio\u0142om, dzi\u0119ki czemu nigdy nie stracisz pami\u0119ci o tym wydarzeniu z duchami.<\/p>\n\n\n\n<p><strong>Mo\u017cesz tak\u017ce spodziewa\u0107 si\u0119 nast\u0119puj\u0105cych wydarze\u0144 z GHOST TIME w SMC:<\/strong><\/p>\n\n\n\n<p>\n<img loading=\"lazy\" decoding=\"async\" class=\"img-bullet\" src=\"\/wp-content\/uploads\/2025\/02\/Geist-lila.png\" alt=\"\" width=\"20\" height=\"20\"> 14:00, 15:00, 16:00 Wyst\u0119py sceniczne<br><img loading=\"lazy\" decoding=\"async\" src=\"\/wp-content\/uploads\/2025\/02\/Geist-lila.png\" alt=\"\" width=\"20\" height=\"20\"> 11:00-17:00 Pr\u00f3by odwagi z Theo<br><img loading=\"lazy\" decoding=\"async\" src=\"\/wp-content\/uploads\/2025\/02\/Geist-lila.png\" alt=\"\" width=\"20\" height=\"20\"> 11:00-17:00 Nawiedzone postacie<br><img loading=\"lazy\" decoding=\"async\" src=\"\/wp-content\/uploads\/2025\/02\/Geist-lila.png\" alt=\"\" width=\"20\" height=\"20\"> 11:00-17:00 Quizy z wiedzy globalnej<br><img loading=\"lazy\" decoding=\"async\" src=\"\/wp-content\/uploads\/2025\/02\/Geist-lila.png\" alt=\"\" width=\"20\" height=\"20\"> 11:00-17:00 Tworzenie lampion\u00f3w<\/p>\n\n\n\n<p>Z niecierpliwo\u015bci\u0105 czekamy na wszelkiego rodzaju upiorne chwile z Wami i spektakularn\u0105 Sobot\u0119 Duch\u00f3w 4 listopada 2023 r.!<\/p>\n","protected":false},"excerpt":{"rendered":"<p>SMC zaprasza wszystkich ma\u0142ych czarownik\u00f3w, \u0142owc\u00f3w duch\u00f3w i duch\u00f3w 4 listopada w godzinach od 11:00 do 17:00. do SMC na \u201eSCARY FUN AT THE GHOST TIME\u201d z THEO TINTENBLECKSEM. O 14, 15 i 16 mo\u017cna tak\u017ce obejrze\u0107 wspania\u0142e wyst\u0119py sceniczne z Theo Tintenklecksem i jego przera\u017caj\u0105cymi przyjaci\u00f3\u0142mi-duchami. Po ka\u017cdym pokazie mo\u017cesz zrobi\u0107 zdj\u0119cia Theo i [&hellip;]<\/p>\n","protected":false},"author":5,"featured_media":4080,"comment_status":"closed","ping_status":"closed","sticky":false,"template":"","format":"standard","meta":{"_acf_changed":false,"footnotes":""},"categories":[6],"tags":[],"class_list":["post-4079","post","type-post","status-publish","format-standard","has-post-thumbnail","hentry","category-bez-kategorii"],"acf":[],"_links":{"self":[{"href":"https:\/\/www.smc-ffo.de\/pl\/wp-json\/wp\/v2\/posts\/4079","targetHints":{"allow":["GET"]}}],"collection":[{"href":"https:\/\/www.smc-ffo.de\/pl\/wp-json\/wp\/v2\/posts"}],"about":[{"href":"https:\/\/www.smc-ffo.de\/pl\/wp-json\/wp\/v2\/types\/post"}],"author":[{"embeddable":true,"href":"https:\/\/www.smc-ffo.de\/pl\/wp-json\/wp\/v2\/users\/5"}],"replies":[{"embeddable":true,"href":"https:\/\/www.smc-ffo.de\/pl\/wp-json\/wp\/v2\/comments?post=4079"}],"version-history":[{"count":1,"href":"https:\/\/www.smc-ffo.de\/pl\/wp-json\/wp\/v2\/posts\/4079\/revisions"}],"predecessor-version":[{"id":4082,"href":"https:\/\/www.smc-ffo.de\/pl\/wp-json\/wp\/v2\/posts\/4079\/revisions\/4082"}],"wp:featuredmedia":[{"embeddable":true,"href":"https:\/\/www.smc-ffo.de\/pl\/wp-json\/wp\/v2\/media\/4080"}],"wp:attachment":[{"href":"https:\/\/www.smc-ffo.de\/pl\/wp-json\/wp\/v2\/media?parent=4079"}],"wp:term":[{"taxonomy":"category","embeddable":true,"href":"https:\/\/www.smc-ffo.de\/pl\/wp-json\/wp\/v2\/categories?post=4079"},{"taxonomy":"post_tag","embeddable":true,"href":"https:\/\/www.smc-ffo.de\/pl\/wp-json\/wp\/v2\/tags?post=4079"}],"curies":[{"name":"wp","href":"https:\/\/api.w.org\/{rel}","templated":true}]}}