{"id":3944,"date":"2025-02-26T11:08:00","date_gmt":"2025-02-26T10:08:00","guid":{"rendered":"https:\/\/www.smc-ffo.de\/fruehlingsfreude-sonntags-shopping-im-smc\/"},"modified":"2025-03-07T13:55:17","modified_gmt":"2025-03-07T12:55:17","slug":"wiosenna-radosc-i-niedzielne-zakupy-w-smc","status":"publish","type":"post","link":"https:\/\/www.smc-ffo.de\/pl\/wiosenna-radosc-i-niedzielne-zakupy-w-smc\/","title":{"rendered":"WIOSENNA RADO\u015a\u0106 I NIEDZIELNE ZAKUPY W SMC"},"content":{"rendered":"<div class=\"column medium-6\">\n<div class=\"ce_text block\">\n<p>Chocia\u017c wiosna w tym roku nadchodzi\u0142a bardzo d\u0142ugo, przywie\u017ali\u015bmy j\u0105 do SMC z naszymi kolorowymi wiosennymi dekoracjami i mamy nadziej\u0119, \u017ce spodoba\u0142y si\u0119 Wam tak samo jak nam.<\/p>\n<p>W weekend 9-10 kwietnia wszyscy go\u015bcie centrum, mali i duzi, mogli cieszy\u0107 si\u0119 weso\u0142ym wiosennym festiwalem w Spitzkrug Multi Center, a niedzielne zakupy w godzinach 13:00-18:00 by\u0142y okazj\u0105 do wielkich zakup\u00f3w.<\/p>\n<p>W ca\u0142ym centrum, a tak\u017ce w naszych sklepach, wspania\u0142e praktyczne oferty dla ca\u0142ej rodziny oraz konkursy i akcje rabatowe doskonale uzupe\u0142nia\u0142y wiosenny festiwal.<\/p>\n<p>Dla wszystkich ma\u0142ych i du\u017cych go\u015bci o\u015brodka w SMC by\u0142o wiele do prze\u017cycia:<br \/>\n&#8211; Prze\u017cyj sesj\u0119 zdj\u0119ciow\u0105<br \/>\n&#8211; Kwiatowe pozdrowienia<br \/>\n&#8211; akcja rzemie\u015blnicza<br \/>\n&#8211; Modelowanie balon\u00f3w<\/p>\n<p>Ponadto niekt\u00f3re sklepy oferowa\u0142y \u015bwietne promocje na niedzielne zakupy, takie jak konkurs MEDIMAX lub sklep z narz\u0119dziami TOOM akcja z 10% rabatem i wiele wi\u0119cej&#8230;<\/p>\n<p>Mamy nadziej\u0119, \u017ce weekend Wam si\u0119 podoba\u0142 i \u015bwietnie si\u0119 bawili\u015bcie razem z nami!<\/p>\n<\/div>\n<\/div>\n","protected":false},"excerpt":{"rendered":"<p>Chocia\u017c wiosna w tym roku nadchodzi\u0142a bardzo d\u0142ugo, przywie\u017ali\u015bmy j\u0105 do SMC z naszymi kolorowymi wiosennymi dekoracjami i mamy nadziej\u0119, \u017ce spodoba\u0142y si\u0119 Wam tak samo jak nam. W weekend 9-10 kwietnia wszyscy go\u015bcie centrum, mali i duzi, mogli cieszy\u0107 si\u0119 weso\u0142ym wiosennym festiwalem w Spitzkrug Multi Center, a niedzielne zakupy w godzinach 13:00-18:00 by\u0142y [&hellip;]<\/p>\n","protected":false},"author":5,"featured_media":3534,"comment_status":"closed","ping_status":"closed","sticky":false,"template":"","format":"standard","meta":{"_acf_changed":false,"footnotes":""},"categories":[6],"tags":[],"class_list":["post-3944","post","type-post","status-publish","format-standard","has-post-thumbnail","hentry","category-bez-kategorii"],"acf":[],"_links":{"self":[{"href":"https:\/\/www.smc-ffo.de\/pl\/wp-json\/wp\/v2\/posts\/3944","targetHints":{"allow":["GET"]}}],"collection":[{"href":"https:\/\/www.smc-ffo.de\/pl\/wp-json\/wp\/v2\/posts"}],"about":[{"href":"https:\/\/www.smc-ffo.de\/pl\/wp-json\/wp\/v2\/types\/post"}],"author":[{"embeddable":true,"href":"https:\/\/www.smc-ffo.de\/pl\/wp-json\/wp\/v2\/users\/5"}],"replies":[{"embeddable":true,"href":"https:\/\/www.smc-ffo.de\/pl\/wp-json\/wp\/v2\/comments?post=3944"}],"version-history":[{"count":3,"href":"https:\/\/www.smc-ffo.de\/pl\/wp-json\/wp\/v2\/posts\/3944\/revisions"}],"predecessor-version":[{"id":4476,"href":"https:\/\/www.smc-ffo.de\/pl\/wp-json\/wp\/v2\/posts\/3944\/revisions\/4476"}],"wp:featuredmedia":[{"embeddable":true,"href":"https:\/\/www.smc-ffo.de\/pl\/wp-json\/wp\/v2\/media\/3534"}],"wp:attachment":[{"href":"https:\/\/www.smc-ffo.de\/pl\/wp-json\/wp\/v2\/media?parent=3944"}],"wp:term":[{"taxonomy":"category","embeddable":true,"href":"https:\/\/www.smc-ffo.de\/pl\/wp-json\/wp\/v2\/categories?post=3944"},{"taxonomy":"post_tag","embeddable":true,"href":"https:\/\/www.smc-ffo.de\/pl\/wp-json\/wp\/v2\/tags?post=3944"}],"curies":[{"name":"wp","href":"https:\/\/api.w.org\/{rel}","templated":true}]}}