{"id":3926,"date":"2025-02-26T11:19:00","date_gmt":"2025-02-26T10:19:00","guid":{"rendered":"https:\/\/www.smc-ffo.de\/geschenke-shopping-im-smc\/"},"modified":"2025-03-07T14:04:55","modified_gmt":"2025-03-07T13:04:55","slug":"swiateczne-zakupy-w-smc","status":"publish","type":"post","link":"https:\/\/www.smc-ffo.de\/pl\/swiateczne-zakupy-w-smc\/","title":{"rendered":"\u015awi\u0105teczne zakupy w SMC"},"content":{"rendered":"<p style=\"text-align: justify;\">W 2. i 4. weekend Adwentu SMC zaprasza na zakupy prezent\u00f3w i umila czas wspania\u0142ymi atrakcjami programu \u015bwi\u0105tecznego. Czekamy na 4 grudnia. a 18.12.2022 w niedziele handlowe &#8211; tutaj w godzinach 13:00-18:00 mo\u017cesz poszuka\u0107 odpowiednich prezent\u00f3w \u015bwi\u0105tecznych dla swoich bliskich w naszych sklepach.<\/p>\n<p><img loading=\"lazy\" decoding=\"async\" src=\"\/wp-content\/uploads\/2025\/02\/smc-center-frankfurt-oder-frohe-weihnachten-programm-2022.jpg\" alt=\"\" width=\"400\" height=\"429\" \/><\/p>\n","protected":false},"excerpt":{"rendered":"<p>W 2. i 4. weekend Adwentu SMC zaprasza na zakupy prezent\u00f3w i umila czas wspania\u0142ymi atrakcjami programu \u015bwi\u0105tecznego. Czekamy na 4 grudnia. a 18.12.2022 w niedziele handlowe &#8211; tutaj w godzinach 13:00-18:00 mo\u017cesz poszuka\u0107 odpowiednich prezent\u00f3w \u015bwi\u0105tecznych dla swoich bliskich w naszych sklepach.<\/p>\n","protected":false},"author":5,"featured_media":3512,"comment_status":"closed","ping_status":"closed","sticky":false,"template":"","format":"standard","meta":{"_acf_changed":false,"footnotes":""},"categories":[6],"tags":[],"class_list":["post-3926","post","type-post","status-publish","format-standard","has-post-thumbnail","hentry","category-bez-kategorii"],"acf":[],"_links":{"self":[{"href":"https:\/\/www.smc-ffo.de\/pl\/wp-json\/wp\/v2\/posts\/3926","targetHints":{"allow":["GET"]}}],"collection":[{"href":"https:\/\/www.smc-ffo.de\/pl\/wp-json\/wp\/v2\/posts"}],"about":[{"href":"https:\/\/www.smc-ffo.de\/pl\/wp-json\/wp\/v2\/types\/post"}],"author":[{"embeddable":true,"href":"https:\/\/www.smc-ffo.de\/pl\/wp-json\/wp\/v2\/users\/5"}],"replies":[{"embeddable":true,"href":"https:\/\/www.smc-ffo.de\/pl\/wp-json\/wp\/v2\/comments?post=3926"}],"version-history":[{"count":3,"href":"https:\/\/www.smc-ffo.de\/pl\/wp-json\/wp\/v2\/posts\/3926\/revisions"}],"predecessor-version":[{"id":4481,"href":"https:\/\/www.smc-ffo.de\/pl\/wp-json\/wp\/v2\/posts\/3926\/revisions\/4481"}],"wp:featuredmedia":[{"embeddable":true,"href":"https:\/\/www.smc-ffo.de\/pl\/wp-json\/wp\/v2\/media\/3512"}],"wp:attachment":[{"href":"https:\/\/www.smc-ffo.de\/pl\/wp-json\/wp\/v2\/media?parent=3926"}],"wp:term":[{"taxonomy":"category","embeddable":true,"href":"https:\/\/www.smc-ffo.de\/pl\/wp-json\/wp\/v2\/categories?post=3926"},{"taxonomy":"post_tag","embeddable":true,"href":"https:\/\/www.smc-ffo.de\/pl\/wp-json\/wp\/v2\/tags?post=3926"}],"curies":[{"name":"wp","href":"https:\/\/api.w.org\/{rel}","templated":true}]}}